{"id":9863,"__str__":"Indica\u00e7\u00e3o n\u00ba 1249 de 2022","link_detail_backend":"/materia/9863","metadata":{},"numero":1249,"ano":2022,"numero_protocolo":1609,"data_apresentacao":"2022-10-31","tipo_apresentacao":"","data_publicacao":null,"numero_origem_externa":"","ano_origem_externa":null,"data_origem_externa":null,"apelido":"","dias_prazo":null,"data_fim_prazo":null,"em_tramitacao":true,"polemica":false,"objeto":"","complementar":false,"ementa":"O vereador Alexandre Manh\u00e3es, no uso das minhas atribui\u00e7\u00f5es legais, com fundamento no art. 102, Par\u00e1grafo \u00danico c/c com o art. 106 II do Regimento Interno da C\u00e2mara Municipal, INDICO ao Exmo. Senhor Prefeito Municipal de Aracruz que, atrav\u00e9s da secretaria respons\u00e1vel a instala\u00e7\u00e3o de 6 ventiladores no Centro de Conviv\u00eancia do Idoso, R.Jos\u00e9 Martins Nunes, bairro jequitib\u00e1.","indexacao":"","observacao":"","resultado":"","texto_original":"http://sapl.aracruz.es.leg.br/media/sapl/public/materialegislativa/2022/9863/indicacao-__ventiladores_p_o_centro_de_convivencia.pdf","data_ultima_atualizacao":"2022-10-31T14:25:26.647705-03:00","ip":"","ultima_edicao":null,"tipo":9,"regime_tramitacao":1,"tipo_origem_externa":null,"local_origem_externa":null,"user":null,"anexadas":[],"autores":[31]}