{"id":9492,"__str__":"Emenda Modificativa n\u00ba 60 de 2022","link_detail_backend":"/materia/9492","metadata":{},"numero":60,"ano":2022,"numero_protocolo":1250,"data_apresentacao":"2022-08-12","tipo_apresentacao":"","data_publicacao":null,"numero_origem_externa":"","ano_origem_externa":null,"data_origem_externa":null,"apelido":"","dias_prazo":null,"data_fim_prazo":null,"em_tramitacao":false,"polemica":false,"objeto":"","complementar":false,"ementa":"O artigo 11, par\u00e1grafo \u00fanico do Projeto de Lei do Legislativo n\u00ba 070/2022 \u2013 Disp\u00f5e sobre a \r\ncontrata\u00e7\u00e3o e o exerc\u00edcio das atividades dos agentes comunit\u00e1rios de sa\u00fade \u2013 ACS e agentes \r\nde combate a endemias \u2013 ACE e d\u00e1 outras provid\u00eancias, passa a vigorar com a seguinte \r\nreda\u00e7\u00e3o:\r\nArt. 11. Os Agentes de Combate \u00e0 Endemias - ACE dever\u00e3o preencher os seguintes requisitos \r\npara o exerc\u00edcio da atividade: \r\nPar\u00e1grafo \u00fanico. Quando n\u00e3o houver candidato inscrito que preencha o requisito previsto \r\nno inciso II do caput deste artigo, poder\u00e1 ser admitida a contrata\u00e7\u00e3o de candidato com \r\nensino fundamental, que dever\u00e1 comprovar a conclus\u00e3o do ensino m\u00e9dio no prazo m\u00e1ximo \r\nde tr\u00eas anos.","indexacao":"","observacao":"","resultado":"","texto_original":"http://sapl.aracruz.es.leg.br/media/sapl/public/materialegislativa/2022/9492/emenda_modificativa_pl_070_2022_artigo_11_paragrafo_unico.pdf","data_ultima_atualizacao":"2022-08-12T09:36:40.502748-03:00","ip":"","ultima_edicao":null,"tipo":12,"regime_tramitacao":1,"tipo_origem_externa":null,"local_origem_externa":null,"user":null,"anexadas":[],"autores":[67]}