{"id":9228,"__str__":"Requerimentos n\u00ba 29 de 2022","link_detail_backend":"/materia/9228","metadata":{},"numero":29,"ano":2022,"numero_protocolo":989,"data_apresentacao":"2022-06-21","tipo_apresentacao":"","data_publicacao":null,"numero_origem_externa":"","ano_origem_externa":null,"data_origem_externa":null,"apelido":"","dias_prazo":null,"data_fim_prazo":null,"em_tramitacao":false,"polemica":false,"objeto":"","complementar":false,"ementa":"Requeiro a Vossa Excel\u00eancia, nos termos do Artigo 20, inciso XIII, al\u00ednea \u201cr\u201d c/c Artigo 63, \u00a74\u00ba, INCISO II, da Resolu\u00e7\u00e3o n\u00ba 492, de 31 de Dezembro de 1990, a realiza\u00e7\u00e3o de Sess\u00e3o Solene no dia 27 de outubro de 2022, \u00e0s 18:00h, para homenagear o Dia dos Comerci\u00e1rios.","indexacao":"","observacao":"","resultado":"","texto_original":"http://sapl.aracruz.es.leg.br/media/sapl/public/materialegislativa/2022/9228/requerimento_-_dia_do_comerciario_pdf.pdf","data_ultima_atualizacao":"2022-08-04T15:46:14.425020-03:00","ip":"","ultima_edicao":null,"tipo":10,"regime_tramitacao":1,"tipo_origem_externa":null,"local_origem_externa":null,"user":null,"anexadas":[],"autores":[26]}