{"id":9082,"__str__":"Indica\u00e7\u00e3o n\u00ba 682 de 2022","link_detail_backend":"/materia/9082","metadata":{},"numero":682,"ano":2022,"numero_protocolo":846,"data_apresentacao":"2022-05-30","tipo_apresentacao":"","data_publicacao":null,"numero_origem_externa":"","ano_origem_externa":null,"data_origem_externa":null,"apelido":"","dias_prazo":null,"data_fim_prazo":null,"em_tramitacao":true,"polemica":false,"objeto":"","complementar":false,"ementa":"Indico ao Poder Executivo Municipal atrav\u00e9s da secretaria respons\u00e1vel, a necessidade de uma instala\u00e7\u00e3o de placa indicativa \u201cRua sem sa\u00edda\u201d, anexo a Rua Giovane Mondenesi, local sem sa\u00edda atr\u00e1s do cento de ambul\u00e2ncias, em Aracruz/ES.","indexacao":"","observacao":"","resultado":"","texto_original":"http://sapl.aracruz.es.leg.br/media/sapl/public/materialegislativa/2022/9082/indicacao_de_placa_indicativa_anexo_a_rua_giovane_mondenesi_local_sem_saida_atras_do_cento_de_ambulancias_em_aracruzes..pdf","data_ultima_atualizacao":"2022-05-30T10:36:56.426232-03:00","ip":"","ultima_edicao":null,"tipo":9,"regime_tramitacao":1,"tipo_origem_externa":null,"local_origem_externa":null,"user":null,"anexadas":[],"autores":[61]}