{"id":8471,"__str__":"Requerimentos n\u00ba 6 de 2022","link_detail_backend":"/materia/8471","metadata":{},"numero":6,"ano":2022,"numero_protocolo":243,"data_apresentacao":"2022-02-21","tipo_apresentacao":"","data_publicacao":null,"numero_origem_externa":"","ano_origem_externa":null,"data_origem_externa":null,"apelido":"","dias_prazo":null,"data_fim_prazo":null,"em_tramitacao":false,"polemica":false,"objeto":"","complementar":false,"ementa":"CONSIDERANDO o art. 20, inciso XIII, al\u00ednea \u201cr\u201d c/c art. 63, \u00a74\u00ba, inciso \r\nII, da Resolu\u00e7\u00e3o n\u00ba 492/90, vem mui respeitosamente, requerer a Vossa \r\nExcel\u00eancia: A realiza\u00e7\u00e3o de Sess\u00e3o Solene, no dia 08 de mar\u00e7o de 2022, \r\nem homenagem ao \u201cDia Internacional da Mulher.\u201d","indexacao":"","observacao":"","resultado":"","texto_original":"http://sapl.aracruz.es.leg.br/media/sapl/public/materialegislativa/2022/8471/requerimento_sessao_solene_dia_internacional_da_mulher.pdf","data_ultima_atualizacao":"2022-08-04T14:44:46.280171-03:00","ip":"","ultima_edicao":null,"tipo":10,"regime_tramitacao":1,"tipo_origem_externa":null,"local_origem_externa":null,"user":null,"anexadas":[],"autores":[59]}