{"id":8417,"__str__":"Projeto de Lei do Legislativo n\u00ba 2 de 2022","link_detail_backend":"/materia/8417","metadata":{},"numero":2,"ano":2022,"numero_protocolo":189,"data_apresentacao":"2022-02-15","tipo_apresentacao":"E","data_publicacao":null,"numero_origem_externa":"","ano_origem_externa":null,"data_origem_externa":null,"apelido":"","dias_prazo":null,"data_fim_prazo":null,"em_tramitacao":false,"polemica":false,"objeto":"","complementar":false,"ementa":"INSTITUI NO CALEND\u00c1RIO OFICIAL DE EVENTOS DE ARACRUZ/ES, O DIA  MUNICIPAL DE MOBILIZA\u00c7\u00c3O DOS HOMENS PELO FIM DA VIOL\u00caNCIA CONTRA AS MULHERES NO MUNIC\u00cdPIO DE ARACRUZ E D\u00c1 OUTRAS PROVID\u00caNCIAS","indexacao":"","observacao":"","resultado":"","texto_original":"http://sapl.aracruz.es.leg.br/media/sapl/public/materialegislativa/2022/8417/projeto_de_lei_dia_de_mobilizacao_dos_homens_contra_violencia_as_mulheres.pdf","data_ultima_atualizacao":"2022-06-30T10:25:48.357763-03:00","ip":"189.84.217.50","ultima_edicao":"2022-04-06T09:02:30.470741-03:00","tipo":3,"regime_tramitacao":1,"tipo_origem_externa":null,"local_origem_externa":null,"user":44,"anexadas":[],"autores":[59]}