{"id":7808,"__str__":"Indica\u00e7\u00e3o n\u00ba 2018 de 2021","link_detail_backend":"/materia/7808","metadata":{},"numero":2018,"ano":2021,"numero_protocolo":2383,"data_apresentacao":"2021-10-06","tipo_apresentacao":"","data_publicacao":null,"numero_origem_externa":"","ano_origem_externa":null,"data_origem_externa":null,"apelido":"","dias_prazo":null,"data_fim_prazo":null,"em_tramitacao":true,"polemica":false,"objeto":"","complementar":false,"ementa":"Indico ao Poder Executivo Municipal, atrav\u00e9s da secretaria respons\u00e1vel, que analise a possibilidade de inser\u00e7\u00e3o de Pr\u00e1ticas Integrativas e Complementares em Sa\u00fade no \u00e2mbito do munic\u00edpio de Aracruz.","indexacao":"","observacao":"","resultado":"","texto_original":"http://sapl.aracruz.es.leg.br/media/sapl/public/materialegislativa/2021/7808/indicacao_263_-_2021_-_praticas_integrativas_no_sus.pdf","data_ultima_atualizacao":"2021-10-06T16:29:51.651581-03:00","ip":"","ultima_edicao":null,"tipo":9,"regime_tramitacao":1,"tipo_origem_externa":null,"local_origem_externa":null,"user":null,"anexadas":[],"autores":[64]}