{"id":7742,"__str__":"Indica\u00e7\u00e3o n\u00ba 1965 de 2021","link_detail_backend":"/materia/7742","metadata":{},"numero":1965,"ano":2021,"numero_protocolo":2317,"data_apresentacao":"2021-09-23","tipo_apresentacao":"","data_publicacao":null,"numero_origem_externa":"","ano_origem_externa":null,"data_origem_externa":null,"apelido":"","dias_prazo":null,"data_fim_prazo":null,"em_tramitacao":true,"polemica":false,"objeto":"","complementar":false,"ementa":"O vereador Alexandre Manh\u00e3es, no uso das suas atribui\u00e7\u00f5es legais, com fundamento no art. 102, Par\u00e1grafo \u00danico c/c com o art. 106 II do Regimento Interno da C\u00e2mara Municipal, vem, atrav\u00e9s desta, INDICAR ao Exmo. Senhor Prefeito Municipal de Aracruz que, atrav\u00e9s da secretaria respons\u00e1vel, inclua no calend\u00e1rio de de limpeza urbana a  R. Em\u00edlio Rangel, Baixada Polivalente.","indexacao":"","observacao":"","resultado":"","texto_original":"http://sapl.aracruz.es.leg.br/media/sapl/public/materialegislativa/2021/7742/indicacao-__varricao_da_rua_emilio_rangel.pdf","data_ultima_atualizacao":"2021-09-23T15:42:37.412024-03:00","ip":"","ultima_edicao":null,"tipo":9,"regime_tramitacao":1,"tipo_origem_externa":null,"local_origem_externa":null,"user":null,"anexadas":[],"autores":[31]}