{"id":7172,"__str__":"Projeto de Lei do Executivo n\u00ba 31 de 2021","link_detail_backend":"/materia/7172","metadata":{},"numero":31,"ano":2021,"numero_protocolo":1753,"data_apresentacao":"2021-07-21","tipo_apresentacao":"","data_publicacao":null,"numero_origem_externa":"","ano_origem_externa":null,"data_origem_externa":null,"apelido":"","dias_prazo":null,"data_fim_prazo":null,"em_tramitacao":false,"polemica":false,"objeto":"","complementar":false,"ementa":"PROJETO DE LEI N\u00ba 031, DE 19/07/2021.  \r\n\r\n\r\nALTERA A LEI N\u00ba 2.277/2000 E A LEI N\u00ba 2.355/2001 PARA MUDAN\u00c7A DA DENOMINA\u00c7\u00c3O DA ESCOLA IND\u00cdGENA DE TR\u00caS PALMEIRAS.","indexacao":"","observacao":"PROCESSO CMA N\u00ba 464/2021.","resultado":"","texto_original":"http://sapl.aracruz.es.leg.br/media/sapl/public/materialegislativa/2021/7172/legislativo__2021_07_28_17_54_57_182.pdf","data_ultima_atualizacao":"2021-09-17T14:16:48.227882-03:00","ip":"189.84.217.50","ultima_edicao":"2021-09-08T11:28:05.322604-03:00","tipo":2,"regime_tramitacao":1,"tipo_origem_externa":null,"local_origem_externa":null,"user":61,"anexadas":[],"autores":[70]}