{"id":7055,"__str__":"Projeto de Lei do Executivo n\u00ba 29 de 2021","link_detail_backend":"/materia/7055","metadata":{},"numero":29,"ano":2021,"numero_protocolo":1636,"data_apresentacao":"2021-07-09","tipo_apresentacao":"E","data_publicacao":null,"numero_origem_externa":"","ano_origem_externa":null,"data_origem_externa":null,"apelido":"","dias_prazo":null,"data_fim_prazo":null,"em_tramitacao":false,"polemica":false,"objeto":"","complementar":false,"ementa":"PROJETO DE LEI N.\u00ba 029/2021.\r\n\r\n\r\nDISP\u00d5E SOBRE A INCLUS\u00c3O DE UNIDADE NAS LEIS MUNICIPAIS DE N.\u00ba 4.347, DE 16/12/2020 - LEI OR\u00c7AMENT\u00c1RIA ANUAL \u2013 2021 E N.\u00ba 4.156, DE 28/12/2017 \u2013 LEI DO PLANO PLURIANUAL PARA O PER\u00cdODO DE 2018/2021, E D\u00c1 OUTRAS PROVID\u00caNCIAS.","indexacao":"","observacao":"PROCESSO CMA N\u00ba 443/2021.","resultado":"","texto_original":"http://sapl.aracruz.es.leg.br/media/sapl/public/materialegislativa/2021/7055/029.pdf","data_ultima_atualizacao":"2021-09-09T14:56:10.587272-03:00","ip":"189.84.217.50","ultima_edicao":"2021-09-09T14:56:10.454861-03:00","tipo":2,"regime_tramitacao":1,"tipo_origem_externa":null,"local_origem_externa":null,"user":62,"anexadas":[],"autores":[70]}