{"id":5683,"__str__":"Indica\u00e7\u00e3o n\u00ba 291 de 2021","link_detail_backend":"/materia/5683","metadata":{},"numero":291,"ano":2021,"numero_protocolo":276,"data_apresentacao":"2021-02-11","tipo_apresentacao":"","data_publicacao":null,"numero_origem_externa":"","ano_origem_externa":null,"data_origem_externa":null,"apelido":"","dias_prazo":null,"data_fim_prazo":null,"em_tramitacao":true,"polemica":false,"objeto":"","complementar":false,"ementa":"Indico ao Poder Executivo Municipal, atrav\u00e9s da secretaria respons\u00e1vel, o estudo quanto a viabilidade de Reforma e Amplia\u00e7\u00e3o do cemit\u00e9rio da comunidade de Guaran\u00e1, pois o cemit\u00e9rio atual n\u00e3o comporta mais sepultamentos, j\u00e1 estando praticamente todo ocupado.","indexacao":"","observacao":"","resultado":"","texto_original":"http://sapl.aracruz.es.leg.br/media/sapl/public/materialegislativa/2021/5683/indicacao_reforma_e_ampliacao_cemiterio_correto.docx","data_ultima_atualizacao":"2021-02-12T07:29:45.626555-03:00","ip":"189.84.217.50","ultima_edicao":"2021-02-12T07:29:45.467071-03:00","tipo":9,"regime_tramitacao":1,"tipo_origem_externa":null,"local_origem_externa":null,"user":61,"anexadas":[],"autores":[61]}