{"id":5678,"__str__":"Indica\u00e7\u00e3o n\u00ba 286 de 2021","link_detail_backend":"/materia/5678","metadata":{},"numero":286,"ano":2021,"numero_protocolo":271,"data_apresentacao":"2021-02-11","tipo_apresentacao":"","data_publicacao":null,"numero_origem_externa":"","ano_origem_externa":null,"data_origem_externa":null,"apelido":"","dias_prazo":null,"data_fim_prazo":null,"em_tramitacao":true,"polemica":false,"objeto":"","complementar":false,"ementa":"Solicito a Vossa Excel\u00eancia, juntamente com a Secretaria de Obras a Constru\u00e7\u00e3o de tr\u00eas Passagens Elevadas de Pedestre na Avenida Ademar Dos Reis - Barra do Sahy-Aracruz -ES e a Constru\u00e7\u00e3o de mais duas Passagens Elevadas de Pedestre na Rua Jo\u00e3o Dion\u00edsio Barra do Sahy \u2013 Aracruz \u2013 ES.","indexacao":"","observacao":"","resultado":"","texto_original":"http://sapl.aracruz.es.leg.br/media/sapl/public/materialegislativa/2021/5678/construcao_de_passagem_elevada__barra_do_sahy_-_indicacao-convertido_pdf.pdf","data_ultima_atualizacao":"2021-02-11T15:52:01.981699-03:00","ip":"","ultima_edicao":null,"tipo":9,"regime_tramitacao":1,"tipo_origem_externa":null,"local_origem_externa":null,"user":null,"anexadas":[],"autores":[65]}