{"id":5618,"__str__":"Indica\u00e7\u00e3o n\u00ba 230 de 2021","link_detail_backend":"/materia/5618","metadata":{},"numero":230,"ano":2021,"numero_protocolo":212,"data_apresentacao":"2021-02-09","tipo_apresentacao":"","data_publicacao":null,"numero_origem_externa":"","ano_origem_externa":null,"data_origem_externa":null,"apelido":"","dias_prazo":null,"data_fim_prazo":null,"em_tramitacao":true,"polemica":false,"objeto":"","complementar":false,"ementa":"No uso de minhas prerrogativas regimentais, solicito a Vossa Excel\u00eancia, que oficie, ao Excelent\u00edssimo Prefeito Municipal, indicando-o providenciar junto a Secretaria respons\u00e1vel, assim requeiro, provid\u00eancias quanto a reforma da Escola EMEF Eur\u00edpedes Nunes Loureiro, localizado na rua Cidade de Vitoria n\u00ba 39 do bairro Itaputera (Em frente ao cemit\u00e9rio), em Aracruz-ES.","indexacao":"","observacao":"","resultado":"","texto_original":"http://sapl.aracruz.es.leg.br/media/sapl/public/materialegislativa/2021/5618/indicacao_16.pdf","data_ultima_atualizacao":"2021-02-09T13:49:50.602905-03:00","ip":"","ultima_edicao":null,"tipo":9,"regime_tramitacao":1,"tipo_origem_externa":null,"local_origem_externa":null,"user":null,"anexadas":[],"autores":[63]}