{"id":5236,"__str__":"Indica\u00e7\u00e3o n\u00ba 256 de 2020","link_detail_backend":"/materia/5236","metadata":{},"numero":256,"ano":2020,"numero_protocolo":517,"data_apresentacao":"2020-07-09","tipo_apresentacao":"","data_publicacao":null,"numero_origem_externa":"","ano_origem_externa":null,"data_origem_externa":null,"apelido":"","dias_prazo":null,"data_fim_prazo":null,"em_tramitacao":true,"polemica":null,"objeto":"","complementar":null,"ementa":"Indica\u00e7\u00e3o n\u00ba _____/20220 Indico ao Senhor Prefeito Municipal, por interm\u00e9dio da Secretaria Municipal de Ad-ministra\u00e7\u00e3o e Recursos Humanos que tome as medidas necess\u00e1rias para contrata\u00e7\u00e3o de seguran\u00e7a patrimonial para a UPA da sede de Aracruz (UPA do Vila Rica), bem como para UPA de Barra do Riacho, no hor\u00e1rio de 18:00 \u00e0s 06:00hs, conside-rando que os profissionais plantonistas passam a noite toda sem qualquer tipo de seguran\u00e7a. \r\n\r\nJUSTIFICATIVA Recentemente a UPA do Bairro Vila Rica foi alvo da a\u00e7\u00e3o de meliantes, onde alguns profissionais de sa\u00fade tiveram seus pertences roubados, causando p\u00e2nico nos servidores e nos pacientes que ali se encontravam. \r\nComo \u00e9 sabido por todos, a noite \u00e9 momento prop\u00edcio para a a\u00e7\u00e3o de bandidos, principalmente em locais desguarnecidos e onde existem pessoas que possuem bens cobi\u00e7ados por ladr\u00f5es, como \u00e9 o caso das UPAS, j\u00e1 que a maioria de profissionais que ali est\u00e3o desempenhando suas fun\u00e7\u00f5es possuem celulares, carros e motos, tornando o local um ponto atrativo \u00e0s a\u00e7\u00f5es de bandidos. \r\nAssim sendo, faz-se necess\u00e1rio que as UPAS possuam servi\u00e7os de vigil\u00e2ncia ao menos \u00e0 noite, momento mais vulner\u00e1vel para a pr\u00e1tica de assaltos e furtos. Aracruz, 08 de julho de 2020. Fabio Netto da Silva. Vereador","indexacao":"","observacao":"","resultado":"","texto_original":"http://sapl.aracruz.es.leg.br/media/sapl/public/materialegislativa/2020/5236/indicacao_seguranca_patrimonial.pdf","data_ultima_atualizacao":"2020-07-09T11:56:20.562592-03:00","ip":"","ultima_edicao":null,"tipo":9,"regime_tramitacao":1,"tipo_origem_externa":null,"local_origem_externa":null,"user":null,"anexadas":[],"autores":[14]}