{"id":4482,"__str__":"Indica\u00e7\u00e3o n\u00ba 216 de 2019","link_detail_backend":"/materia/4482","metadata":{},"numero":216,"ano":2019,"numero_protocolo":503,"data_apresentacao":"2019-09-12","tipo_apresentacao":"","data_publicacao":null,"numero_origem_externa":"","ano_origem_externa":null,"data_origem_externa":null,"apelido":"","dias_prazo":null,"data_fim_prazo":null,"em_tramitacao":true,"polemica":null,"objeto":"","complementar":null,"ementa":"Indico ao Senhor Prefeito Municipal, que por meio da Secretaria Municipal de Desenvolvimento Econ\u00f4mico, adote as medidas necess\u00e1rias no sentido de celebrar conv\u00eanio com a Federa\u00e7\u00e3o das Ind\u00fastrias do Estado do Esp\u00edrito Santo \u2013 FINDES para utiliza\u00e7\u00e3o do FINDESLAB, objetivando o desenvolvimento de empresas e empreendedores que buscam inova\u00e7\u00e3o tecnol\u00f3gica mas que n\u00e3o disp\u00f5em de meios financeiros para investir nessa \u00e1rea.","indexacao":"","observacao":"","resultado":"","texto_original":"http://sapl.aracruz.es.leg.br/media/sapl/public/materialegislativa/2019/4482/indicacao_laboratorio_findes.docx","data_ultima_atualizacao":"2019-09-12T13:50:14.596190-03:00","ip":"","ultima_edicao":null,"tipo":9,"regime_tramitacao":1,"tipo_origem_externa":null,"local_origem_externa":null,"user":null,"anexadas":[],"autores":[14]}