{"id":4352,"__str__":"Indica\u00e7\u00e3o n\u00ba 164 de 2019","link_detail_backend":"/materia/4352","metadata":{},"numero":164,"ano":2019,"numero_protocolo":391,"data_apresentacao":"2019-07-15","tipo_apresentacao":"","data_publicacao":null,"numero_origem_externa":"","ano_origem_externa":null,"data_origem_externa":null,"apelido":"","dias_prazo":null,"data_fim_prazo":null,"em_tramitacao":true,"polemica":null,"objeto":"","complementar":null,"ementa":"Indico \u00e0 Mesa Diretora e ao Excelent\u00edssimo Senhor Prefeito Municipal, por meio da Secretaria respons\u00e1vel, que realize a capina, ro\u00e7ada e retirada do lixo acumulado em todo o Bairro Sau\u00ea. JUSTIFICATIVA. Estive pessoalmente no dia 03/07/2019 no Bairro Sau\u00ea e constatei que a coleta de lixo \u00e9 ineficiente, n\u00e3o existe servi\u00e7o de patrolamento e manuten\u00e7\u00e3o das vias, existem valas que cabem uma crian\u00e7a dentro, esgoto correndo a c\u00e9u aberto, enfim, uma s\u00e9rie de problemas que demonstram que os servi\u00e7os p\u00fablicos municipais ainda n\u00e3o chegaram naquela comunidade. \u00c9 um absurdo e um total descaso para com os moradores do Bairro Sau\u00ea, que est\u00e3o pedindo apenas o m\u00ednimo, que \u00e9 saneamento b\u00e1sico, ruas em condi\u00e7\u00f5es decentes e coleta de lixo regular. Diante do exposto, fa\u00e7o a presente indica\u00e7\u00e3o, requerendo especial aten\u00e7\u00e3o para o assunto. Aracruz/ES, 15 de julho de 2019. CELSON SILVA DIAS. Vereador.","indexacao":"","observacao":"","resultado":"","texto_original":"http://sapl.aracruz.es.leg.br/media/sapl/public/materialegislativa/2019/4352/03-07-2019_-_limpeza_geral_do_bairro_saue.pdf","data_ultima_atualizacao":"2019-07-15T17:27:28.303934-03:00","ip":"","ultima_edicao":null,"tipo":9,"regime_tramitacao":1,"tipo_origem_externa":null,"local_origem_externa":null,"user":null,"anexadas":[],"autores":[22]}