{"id":4216,"__str__":"Indica\u00e7\u00e3o n\u00ba 147 de 2019","link_detail_backend":"/materia/4216","metadata":{},"numero":147,"ano":2019,"numero_protocolo":327,"data_apresentacao":"2019-06-18","tipo_apresentacao":"","data_publicacao":null,"numero_origem_externa":"","ano_origem_externa":null,"data_origem_externa":null,"apelido":"","dias_prazo":null,"data_fim_prazo":null,"em_tramitacao":true,"polemica":null,"objeto":"","complementar":null,"ementa":"ANTEPROJETO DE LEI QUE DISP\u00d5E SOBRE A CONCESS\u00c3O DO DIREITO DE REDU\u00c7\u00c3O DE CARGA HOR\u00c1RIA AO SERVIDOR P\u00daBLICO MUNICIPAL QUE POSSUA DEPENDENTE COM DEFICI\u00caNCIA, INCLUSIVE TRANSTORNO DO ESPECTRO AUTISTA NO MUNIC\u00cdPIO DE ARACRUZ E D\u00c1 OUTRAS PROVID\u00caNCIAS.","indexacao":"","observacao":"","resultado":"","texto_original":"http://sapl.aracruz.es.leg.br/media/sapl/public/materialegislativa/2019/4216/ind_anprojeto_de_lei__-reducao_da_carga_horaria_ooCqvwv.pdf","data_ultima_atualizacao":"2019-06-18T10:29:35.211365-03:00","ip":"","ultima_edicao":null,"tipo":9,"regime_tramitacao":1,"tipo_origem_externa":null,"local_origem_externa":null,"user":null,"anexadas":[],"autores":[24]}