{"id":2592,"__str__":"Indica\u00e7\u00e3o n\u00ba 366 de 2018","link_detail_backend":"/materia/2592","metadata":{},"numero":366,"ano":2018,"numero_protocolo":106,"data_apresentacao":"2018-12-04","tipo_apresentacao":"","data_publicacao":null,"numero_origem_externa":"","ano_origem_externa":null,"data_origem_externa":null,"apelido":"","dias_prazo":null,"data_fim_prazo":null,"em_tramitacao":true,"polemica":null,"objeto":"","complementar":null,"ementa":"Indico ao Excelent\u00edssimo Senhor Prefeito Municipal, de acordo com as minhas atribui\u00e7\u00f5es regimentais, o ANTEPROJETO DE LEI QUE \u201cINSTITUI NO CALEND\u00c1RIO DE COMEMORA\u00c7\u00d5ES OFICIAIS DO MUNIC\u00cdPIO DE ARACRUZ-ES A SEMANA MUNICIPAL DE COMBATE \u00c0 VIOL\u00caNCIA CONTRA MULHER\u201d.","indexacao":"","observacao":"","resultado":"","texto_original":"http://sapl.aracruz.es.leg.br/media/sapl/public/materialegislativa/2018/2592/indicacao_anteprojeto_semana_municipal_de_comba_KcJJMOf.pdf","data_ultima_atualizacao":"2018-12-04T10:52:59.638183-02:00","ip":"","ultima_edicao":null,"tipo":9,"regime_tramitacao":1,"tipo_origem_externa":null,"local_origem_externa":null,"user":null,"anexadas":[],"autores":[24]}