{"id":10146,"__str__":"Indica\u00e7\u00e3o n\u00ba 1428 de 2022","link_detail_backend":"/materia/10146","metadata":{},"numero":1428,"ano":2022,"numero_protocolo":1880,"data_apresentacao":"2022-12-26","tipo_apresentacao":"","data_publicacao":null,"numero_origem_externa":"","ano_origem_externa":null,"data_origem_externa":null,"apelido":"","dias_prazo":null,"data_fim_prazo":null,"em_tramitacao":true,"polemica":false,"objeto":"","complementar":false,"ementa":"Indico \u00e0 Mesa Diretora e ao Senhor Prefeito Municipal por meio da Secretaria respons\u00e1vel,\r\ncom fulcro no artigo 102, par\u00e1grafo \u00fanico combinado com artigo 106, inciso II do Regimento\r\nInterno, que tomem as devidas provid\u00eancias junto aos \u00f3rg\u00e3os competentes para que seja feita\r\na readequa\u00e7\u00e3o de sinaliza\u00e7\u00e3o vi\u00e1ria na entrada no bairro Morada Park com entroncamento\r\ncom a ES-010.\r\nJUSTIFICATIVA\r\nA presente indica\u00e7\u00e3o se faz necess\u00e1ria, pois os moradores do local questionam que a\r\nsinaliza\u00e7\u00e3o na entrada e sa\u00edda do bairro para a ES-010 \u00e9 ineficiente e muito perigosa,\r\nprincipalmente na sa\u00edda, trazendo grande risco para os motoristas.\r\nPor essa raz\u00e3o, lan\u00e7o m\u00e3o da presente indica\u00e7\u00e3o, a fim de sugerir a Vossa Senhoria que\r\ntomem as devidas provid\u00eancias junto aos \u00f3rg\u00e3os competentes para que seja feita a\r\nreadequa\u00e7\u00e3o de sinaliza\u00e7\u00e3o vi\u00e1ria na entrada no bairro Morada Park com entroncamento com\r\na ES-010.\r\nDiante do todo exposto, pugna-se que seja referendada a indica\u00e7\u00e3o pela Mesa Diretora desta\r\nCasa de Leis, e por fim, que seja a presente indica\u00e7\u00e3o remetida ao Poder Executivo para\r\nadotar as medidas cab\u00edveis.","indexacao":"","observacao":"","resultado":"","texto_original":"http://sapl.aracruz.es.leg.br/media/sapl/public/materialegislativa/2022/10146/indicacao_sinalizacao_morada_park.pdf","data_ultima_atualizacao":"2022-12-26T16:49:46.242016-03:00","ip":"","ultima_edicao":null,"tipo":9,"regime_tramitacao":1,"tipo_origem_externa":null,"local_origem_externa":null,"user":null,"anexadas":[],"autores":[67]}