{"id":83,"__str__":"Parecer - Constitui\u00e7\u00e3o, Legisla\u00e7\u00e3o, Justi\u00e7a e Reda\u00e7\u00e3o de 14/08/2019 por Marcelo Cabral Severino","link_detail_backend":"/materia/documentoacessorio/83","metadata":{},"nome":"Constitui\u00e7\u00e3o, Legisla\u00e7\u00e3o, Justi\u00e7a e Reda\u00e7\u00e3o","data":"2019-08-14","autor":"Marcelo Cabral Severino","ementa":"Parecer Contr\u00e1rio.","indexacao":"","arquivo":"http://sapl.aracruz.es.leg.br/media/sapl/public/documentoacessorio/2019/83/parecer_justica_pll_023-2019.pdf","data_ultima_atualizacao":"2019-09-16T12:31:43.221843-03:00","materia":4407,"tipo":13}