{"id":507,"__str__":"Parecer - COMISS\u00c3O DE ECONOMIA, FINAN\u00c7AS, FISCALIZA\u00c7\u00c3O E TOM de 13/07/2021 por Jean Carlo Gratz Pedrini","link_detail_backend":"/materia/documentoacessorio/507","metadata":{},"nome":"COMISS\u00c3O DE ECONOMIA, FINAN\u00c7AS, FISCALIZA\u00c7\u00c3O E TOM","data":"2021-07-13","autor":"Jean Carlo Gratz Pedrini","ementa":"PROJETO DE LEI N\u00ba 029/2021 \u2013 DISP\u00d5E SOBRE A INCLUS\u00c3O DE UNIDADE NAS LEIS MUNICIPAIS DE N.\u00ba 4.347, DE 16/12/2020 \u2013 LEI OR\u00c7AMENT\u00c1RIA ANUAL \u2013 2021 E N.\u00ba 4.156, DE 28/12/2017 \u2013 LEI DO PLANO PLURIANUAL PARA O PER\u00cdODO DE 2018/2021, E D\u00c1 OUTRAS PROVID\u00caNCIAS.","indexacao":"","arquivo":"http://sapl.aracruz.es.leg.br/media/sapl/public/documentoacessorio/2021/507/parecer_-_029-2021-pdf.pdf","data_ultima_atualizacao":"2021-07-13T16:06:10.371720-03:00","materia":7055,"tipo":13}