{"id":442,"__str__":"Parecer - Comiss\u00e3o de Defesa do Cidad\u00e3o e Honrarias de 08/06/2021 por Carlinhos Mathias","link_detail_backend":"/materia/documentoacessorio/442","metadata":{},"nome":"Comiss\u00e3o de Defesa do Cidad\u00e3o e Honrarias","data":"2021-06-08","autor":"Carlinhos Mathias","ementa":"Parecer da comiss\u00e3o de Defesa do Cidad\u00e3o e Honrarias.","indexacao":"","arquivo":"http://sapl.aracruz.es.leg.br/media/sapl/public/documentoacessorio/2019/442/parecer_03_alvaro_candido_da_silva.pdf","data_ultima_atualizacao":"2021-06-08T15:57:29.706280-03:00","materia":4578,"tipo":13}