{"id":255,"__str__":"Parecer - Parecer da Comiss\u00e3o de Justi\u00e7a de 01/12/2020 por Alexandre Ferreira Manh\u00e3es","link_detail_backend":"/materia/documentoacessorio/255","metadata":{},"nome":"Parecer da Comiss\u00e3o de Justi\u00e7a","data":"2020-12-01","autor":"Alexandre Ferreira Manh\u00e3es","ementa":"Parecer da Comiss\u00e3o de Justi\u00e7a.","indexacao":"","arquivo":"http://sapl.aracruz.es.leg.br/media/sapl/public/documentoacessorio/2020/255/parecer_justica_-_pll_032-2020.pdf","data_ultima_atualizacao":"2021-03-24T07:54:32.371842-03:00","materia":5329,"tipo":13}