{"id":1363,"__str__":"Parecer - COMISS\u00c3O DE CONSTITUI\u00c7\u00c3O, LEGISLA\u00c7\u00c3O, JUSTI\u00c7A E RE de 22/12/2022 por JEAN CARLO GRATZ PEDRINI","link_detail_backend":"/materia/documentoacessorio/1363","metadata":{},"nome":"COMISS\u00c3O DE CONSTITUI\u00c7\u00c3O, LEGISLA\u00c7\u00c3O, JUSTI\u00c7A E RE","data":"2022-12-22","autor":"JEAN CARLO GRATZ PEDRINI","ementa":"","indexacao":"","arquivo":"http://sapl.aracruz.es.leg.br/media/sapl/public/documentoacessorio/2022/1363/parecer_ccj_-_ple_101-2022_-_jean_pedrini.pdf","data_ultima_atualizacao":"2022-12-22T11:21:24.923583-03:00","materia":10066,"tipo":13}