{"id":1131,"__str__":"Parecer - COMISS\u00c3O DE CONSTITUI\u00c7\u00c3O, LEGISLA\u00c7\u00c3O, JUSTI\u00c7A E RE de 02/08/2022 por Jean Carlo Gratz Pedrini","link_detail_backend":"/materia/documentoacessorio/1131","metadata":{},"nome":"COMISS\u00c3O DE CONSTITUI\u00c7\u00c3O, LEGISLA\u00c7\u00c3O, JUSTI\u00c7A E RE","data":"2022-08-02","autor":"Jean Carlo Gratz Pedrini","ementa":"INSTITUI A \u2018SEMANA DO CAMPO LIMPO\u2019, NO \u00c2MBITO DO MUNIC\u00cdPIO DE ARACRUZ, E DA OUTRAS PROVID\u00caNCIAS.","indexacao":"","arquivo":"http://sapl.aracruz.es.leg.br/media/sapl/public/documentoacessorio/2022/1131/parecer_ccj_-_pll_027-2022_-_andre_carlesso_-_jean_pedrini.pdf","data_ultima_atualizacao":"2022-08-02T14:23:55.167831-03:00","materia":9275,"tipo":13}